{"id":6,"count":1,"description":"","link":"http:\/\/www.schwarz-transport.cz\/en\/category\/pracovni-pozice\/","name":"Pracovn\u00ed pozice","slug":"pracovni-pozice","taxonomy":"category","parent":0,"meta":[],"yoast_head":"<!-- This site is optimized with the Yoast SEO plugin v26.0 - https:\/\/yoast.com\/wordpress\/plugins\/seo\/ -->\n<title>Pracovn\u00ed pozice Archivy - Schwarz-transport s.r.o.<\/title>\n<meta name=\"robots\" content=\"index, follow, max-snippet:-1, max-image-preview:large, max-video-preview:-1\" \/>\n<link rel=\"canonical\" href=\"https:\/\/www.schwarz-transport.cz\/en\/category\/pracovni-pozice\/\" \/>\n<meta property=\"og:locale\" content=\"en_GB\" \/>\n<meta property=\"og:type\" content=\"article\" \/>\n<meta property=\"og:title\" content=\"Pracovn\u00ed pozice Archivy - Schwarz-transport s.r.o.\" \/>\n<meta property=\"og:url\" content=\"https:\/\/www.schwarz-transport.cz\/en\/category\/pracovni-pozice\/\" \/>\n<meta property=\"og:site_name\" content=\"Schwarz-transport s.r.o.\" \/>\n<meta name=\"twitter:card\" content=\"summary_large_image\" \/>\n<script type=\"application\/ld+json\" class=\"yoast-schema-graph\">{\"@context\":\"https:\/\/schema.org\",\"@graph\":[{\"@type\":\"CollectionPage\",\"@id\":\"https:\/\/www.schwarz-transport.cz\/category\/pracovni-pozice\/\",\"url\":\"https:\/\/www.schwarz-transport.cz\/category\/pracovni-pozice\/\",\"name\":\"Pracovn\u00ed pozice Archivy - Schwarz-transport s.r.o.\",\"isPartOf\":{\"@id\":\"http:\/\/www.schwarz-transport.cz\/#website\"},\"breadcrumb\":{\"@id\":\"https:\/\/www.schwarz-transport.cz\/category\/pracovni-pozice\/#breadcrumb\"},\"inLanguage\":\"en-GB\"},{\"@type\":\"BreadcrumbList\",\"@id\":\"https:\/\/www.schwarz-transport.cz\/category\/pracovni-pozice\/#breadcrumb\",\"itemListElement\":[{\"@type\":\"ListItem\",\"position\":1,\"name\":\"Dom\u016f\",\"item\":\"http:\/\/www.schwarz-transport.cz\/\"},{\"@type\":\"ListItem\",\"position\":2,\"name\":\"Pracovn\u00ed pozice\"}]},{\"@type\":\"WebSite\",\"@id\":\"http:\/\/www.schwarz-transport.cz\/#website\",\"url\":\"http:\/\/www.schwarz-transport.cz\/\",\"name\":\"Schwarz-transport s.r.o.\",\"description\":\"Schwarz-Transport s.r.o. \u2013 Spolehliv\u00e1 mezin\u00e1rodn\u00ed i vnitrost\u00e1tn\u00ed doprava, logistika a skladov\u00e1n\u00ed s d\u016frazem na rychlost, bezpe\u010dnost a flexibilitu.\",\"publisher\":{\"@id\":\"http:\/\/www.schwarz-transport.cz\/#organization\"},\"potentialAction\":[{\"@type\":\"SearchAction\",\"target\":{\"@type\":\"EntryPoint\",\"urlTemplate\":\"http:\/\/www.schwarz-transport.cz\/?s={search_term_string}\"},\"query-input\":{\"@type\":\"PropertyValueSpecification\",\"valueRequired\":true,\"valueName\":\"search_term_string\"}}],\"inLanguage\":\"en-GB\"},{\"@type\":\"Organization\",\"@id\":\"http:\/\/www.schwarz-transport.cz\/#organization\",\"name\":\"Schwarz-transport s.r.o.\",\"url\":\"http:\/\/www.schwarz-transport.cz\/\",\"logo\":{\"@type\":\"ImageObject\",\"inLanguage\":\"en-GB\",\"@id\":\"http:\/\/www.schwarz-transport.cz\/#\/schema\/logo\/image\/\",\"url\":\"http:\/\/www.schwarz-transport.cz\/wp-content\/uploads\/2024\/01\/SCHWRZ-TRANSPOR-logo_CMYK_cerne.svg\",\"contentUrl\":\"http:\/\/www.schwarz-transport.cz\/wp-content\/uploads\/2024\/01\/SCHWRZ-TRANSPOR-logo_CMYK_cerne.svg\",\"width\":714,\"height\":153,\"caption\":\"Schwarz-transport s.r.o.\"},\"image\":{\"@id\":\"http:\/\/www.schwarz-transport.cz\/#\/schema\/logo\/image\/\"}}]}<\/script>\n<!-- \/ Yoast SEO plugin. -->","yoast_head_json":{"title":"Pracovn\u00ed pozice Archivy - Schwarz-transport s.r.o.","robots":{"index":"index","follow":"follow","max-snippet":"max-snippet:-1","max-image-preview":"max-image-preview:large","max-video-preview":"max-video-preview:-1"},"canonical":"https:\/\/www.schwarz-transport.cz\/en\/category\/pracovni-pozice\/","og_locale":"en_GB","og_type":"article","og_title":"Pracovn\u00ed pozice Archivy - Schwarz-transport s.r.o.","og_url":"https:\/\/www.schwarz-transport.cz\/en\/category\/pracovni-pozice\/","og_site_name":"Schwarz-transport s.r.o.","twitter_card":"summary_large_image","schema":{"@context":"https:\/\/schema.org","@graph":[{"@type":"CollectionPage","@id":"https:\/\/www.schwarz-transport.cz\/category\/pracovni-pozice\/","url":"https:\/\/www.schwarz-transport.cz\/category\/pracovni-pozice\/","name":"Pracovn\u00ed pozice Archivy - Schwarz-transport s.r.o.","isPartOf":{"@id":"http:\/\/www.schwarz-transport.cz\/#website"},"breadcrumb":{"@id":"https:\/\/www.schwarz-transport.cz\/category\/pracovni-pozice\/#breadcrumb"},"inLanguage":"en-GB"},{"@type":"BreadcrumbList","@id":"https:\/\/www.schwarz-transport.cz\/category\/pracovni-pozice\/#breadcrumb","itemListElement":[{"@type":"ListItem","position":1,"name":"Dom\u016f","item":"http:\/\/www.schwarz-transport.cz\/"},{"@type":"ListItem","position":2,"name":"Pracovn\u00ed pozice"}]},{"@type":"WebSite","@id":"http:\/\/www.schwarz-transport.cz\/#website","url":"http:\/\/www.schwarz-transport.cz\/","name":"Schwarz-transport s.r.o.","description":"Schwarz-Transport s.r.o. \u2013 Spolehliv\u00e1 mezin\u00e1rodn\u00ed i vnitrost\u00e1tn\u00ed doprava, logistika a skladov\u00e1n\u00ed s d\u016frazem na rychlost, bezpe\u010dnost a flexibilitu.","publisher":{"@id":"http:\/\/www.schwarz-transport.cz\/#organization"},"potentialAction":[{"@type":"SearchAction","target":{"@type":"EntryPoint","urlTemplate":"http:\/\/www.schwarz-transport.cz\/?s={search_term_string}"},"query-input":{"@type":"PropertyValueSpecification","valueRequired":true,"valueName":"search_term_string"}}],"inLanguage":"en-GB"},{"@type":"Organization","@id":"http:\/\/www.schwarz-transport.cz\/#organization","name":"Schwarz-transport s.r.o.","url":"http:\/\/www.schwarz-transport.cz\/","logo":{"@type":"ImageObject","inLanguage":"en-GB","@id":"http:\/\/www.schwarz-transport.cz\/#\/schema\/logo\/image\/","url":"http:\/\/www.schwarz-transport.cz\/wp-content\/uploads\/2024\/01\/SCHWRZ-TRANSPOR-logo_CMYK_cerne.svg","contentUrl":"http:\/\/www.schwarz-transport.cz\/wp-content\/uploads\/2024\/01\/SCHWRZ-TRANSPOR-logo_CMYK_cerne.svg","width":714,"height":153,"caption":"Schwarz-transport s.r.o."},"image":{"@id":"http:\/\/www.schwarz-transport.cz\/#\/schema\/logo\/image\/"}}]}},"_links":{"self":[{"href":"http:\/\/www.schwarz-transport.cz\/en\/wp-json\/wp\/v2\/categories\/6","targetHints":{"allow":["GET"]}}],"collection":[{"href":"http:\/\/www.schwarz-transport.cz\/en\/wp-json\/wp\/v2\/categories"}],"about":[{"href":"http:\/\/www.schwarz-transport.cz\/en\/wp-json\/wp\/v2\/taxonomies\/category"}],"wp:post_type":[{"href":"http:\/\/www.schwarz-transport.cz\/en\/wp-json\/wp\/v2\/posts?categories=6"}],"curies":[{"name":"wp","href":"https:\/\/api.w.org\/{rel}","templated":true}]}}